{"id":898,"date":"2026-07-25T00:06:07","date_gmt":"2026-07-25T03:06:07","guid":{"rendered":"https:\/\/cdn.rmgerencial.com.br\/?p=898"},"modified":"2026-07-28T18:47:42","modified_gmt":"2026-07-28T21:47:42","slug":"tarde-das-rainhas-na-cafeteria-gabi-fontes","status":"publish","type":"post","link":"https:\/\/cdn.rmgerencial.com.br\/?p=898","title":{"rendered":"Tarde das Rainhas na Cafeteria Gabi Fontes"},"content":{"rendered":"\n<p class=\"wp-block-paragraph\">\ud83c\udf38\u2728 <strong>Uma tarde para fortalecer a alma, cultivar o amor-pr\u00f3prio e celebrar o poder de ser mulher.<\/strong> \u2728\ud83c\udf38<\/p>\n\n\n\n<p class=\"wp-block-paragraph\">A <strong>Tarde de Rainhas<\/strong>, realizada na acolhedora <strong>Cafeteria Gabi Fontes<\/strong>, foi um encontro inesquec\u00edvel que reuniu <strong>45 mulheres<\/strong> em uma experi\u00eancia de conex\u00e3o, aprendizado e transforma\u00e7\u00e3o.<\/p>\n\n\n\n<p class=\"wp-block-paragraph\">A programa\u00e7\u00e3o contou com a inspiradora palestra de <strong>Ot\u00edlia de Souza<\/strong>, que conduziu uma reflex\u00e3o profunda sobre autoestima, prop\u00f3sito e o valor de reconhecer a for\u00e7a que existe em cada mulher. Tamb\u00e9m vivenciamos um momento especial com <strong>Tania Santos<\/strong>, que apresentou os benef\u00edcios da <strong>Aromaterapia<\/strong>, mostrando como os \u00f3leos essenciais podem contribuir para o equil\u00edbrio emocional, o autocuidado e o bem-estar.<\/p>\n\n\n\n<p class=\"wp-block-paragraph\">Mais do que um evento, foi um convite para desacelerar, olhar para si com carinho e compreender que cuidar da pr\u00f3pria mente, do corpo e das emo\u00e7\u00f5es \u00e9 um ato de amor e respeito consigo mesma.<\/p>\n\n\n\n<p class=\"wp-block-paragraph\">Entre conversas, sorrisos, abra\u00e7os e compartilhamento de experi\u00eancias, cada participante saiu fortalecida, inspirada e lembrando que uma mulher que se cuida floresce, inspira e transforma o ambiente ao seu redor.<\/p>\n\n\n\n<p class=\"wp-block-paragraph\">Que essa tarde permane\u00e7a viva na mem\u00f3ria de todas como um marco de acolhimento, crescimento e renova\u00e7\u00e3o. Que venham muitos outros encontros para fortalecer mulheres, construir conex\u00f5es e espalhar ainda mais amor, prop\u00f3sito e esperan\u00e7a.<\/p>\n\n\n\n<p class=\"wp-block-paragraph\">\ud83d\udc96 <strong>Porque quando mulheres se unem para crescer, todas florescem juntas.<\/strong><\/p>\n\n\n<div  robogallery_id=\"343\"  class=\"RoboGalleryV5 RoboGallery_ID343\"  style=\"width:100%;max-width:100%;\"><\/div><script> var robogallery_config_id_343 = {\r\n            \"restUrl\": \"https:\/\/cdn.rmgerencial.com.br\/index.php?rest_route=\/\",\r\n            \"wp_rest\": \"0c5c8145ab\",\r\n            \"errorImageUrl\": \"https:\/\/cdn.rmgerencial.com.br\/wp-content\/plugins\/robo-gallery\/images\/\",\r\n            \"debug\": false\r\n        };<\/script>\n\n\n","protected":false},"excerpt":{"rendered":"<p>\ud83c\udf38\u2728 Uma tarde para fortalecer a alma, cultivar o amor-pr\u00f3prio e celebrar o poder de ser mulher. \u2728\ud83c\udf38 A Tarde de Rainhas, realizada na acolhedora Cafeteria Gabi Fontes, foi um encontro inesquec\u00edvel que reuniu 45 mulheres em uma experi\u00eancia de conex\u00e3o, aprendizado e transforma\u00e7\u00e3o. A programa\u00e7\u00e3o contou com a inspiradora palestra de Ot\u00edlia de Souza, [&hellip;]<\/p>\n","protected":false},"author":1,"featured_media":885,"comment_status":"closed","ping_status":"open","sticky":false,"template":"","format":"standard","meta":{"_uag_custom_page_level_css":"","footnotes":""},"categories":[65,42,70],"tags":[],"class_list":["post-898","post","type-post","status-publish","format-standard","has-post-thumbnail","hentry","category-agenda","category-eventos","category-rainhas"],"uagb_featured_image_src":{"full":["https:\/\/cdn.rmgerencial.com.br\/wp-content\/uploads\/2026\/07\/Design-sem-nome-29.png",800,600,false],"thumbnail":["https:\/\/cdn.rmgerencial.com.br\/wp-content\/uploads\/2026\/07\/Design-sem-nome-29-150x150.png",150,150,true],"medium":["https:\/\/cdn.rmgerencial.com.br\/wp-content\/uploads\/2026\/07\/Design-sem-nome-29-300x225.png",300,225,true],"medium_large":["https:\/\/cdn.rmgerencial.com.br\/wp-content\/uploads\/2026\/07\/Design-sem-nome-29-768x576.png",640,480,true],"large":["https:\/\/cdn.rmgerencial.com.br\/wp-content\/uploads\/2026\/07\/Design-sem-nome-29.png",640,480,false],"RoboGalleryMansoryImagesCenter":["https:\/\/cdn.rmgerencial.com.br\/wp-content\/uploads\/2026\/07\/Design-sem-nome-29-600x600.png",600,600,true],"RoboGalleryPreload":["https:\/\/cdn.rmgerencial.com.br\/wp-content\/uploads\/2026\/07\/Design-sem-nome-29-100x75.png",100,75,true],"1536x1536":["https:\/\/cdn.rmgerencial.com.br\/wp-content\/uploads\/2026\/07\/Design-sem-nome-29.png",800,600,false],"2048x2048":["https:\/\/cdn.rmgerencial.com.br\/wp-content\/uploads\/2026\/07\/Design-sem-nome-29.png",800,600,false]},"uagb_author_info":{"display_name":"CDN Clube de Neg\u00f3cios","author_link":"https:\/\/cdn.rmgerencial.com.br\/?author=1"},"uagb_comment_info":0,"uagb_excerpt":"\ud83c\udf38\u2728 Uma tarde para fortalecer a alma, cultivar o amor-pr\u00f3prio e celebrar o poder de ser mulher. \u2728\ud83c\udf38 A Tarde de Rainhas, realizada na acolhedora Cafeteria Gabi Fontes, foi um encontro inesquec\u00edvel que reuniu 45 mulheres em uma experi\u00eancia de conex\u00e3o, aprendizado e transforma\u00e7\u00e3o. A programa\u00e7\u00e3o contou com a inspiradora palestra de Ot\u00edlia de Souza,&hellip;","_links":{"self":[{"href":"https:\/\/cdn.rmgerencial.com.br\/index.php?rest_route=\/wp\/v2\/posts\/898","targetHints":{"allow":["GET"]}}],"collection":[{"href":"https:\/\/cdn.rmgerencial.com.br\/index.php?rest_route=\/wp\/v2\/posts"}],"about":[{"href":"https:\/\/cdn.rmgerencial.com.br\/index.php?rest_route=\/wp\/v2\/types\/post"}],"author":[{"embeddable":true,"href":"https:\/\/cdn.rmgerencial.com.br\/index.php?rest_route=\/wp\/v2\/users\/1"}],"replies":[{"embeddable":true,"href":"https:\/\/cdn.rmgerencial.com.br\/index.php?rest_route=%2Fwp%2Fv2%2Fcomments&post=898"}],"version-history":[{"count":2,"href":"https:\/\/cdn.rmgerencial.com.br\/index.php?rest_route=\/wp\/v2\/posts\/898\/revisions"}],"predecessor-version":[{"id":918,"href":"https:\/\/cdn.rmgerencial.com.br\/index.php?rest_route=\/wp\/v2\/posts\/898\/revisions\/918"}],"wp:featuredmedia":[{"embeddable":true,"href":"https:\/\/cdn.rmgerencial.com.br\/index.php?rest_route=\/wp\/v2\/media\/885"}],"wp:attachment":[{"href":"https:\/\/cdn.rmgerencial.com.br\/index.php?rest_route=%2Fwp%2Fv2%2Fmedia&parent=898"}],"wp:term":[{"taxonomy":"category","embeddable":true,"href":"https:\/\/cdn.rmgerencial.com.br\/index.php?rest_route=%2Fwp%2Fv2%2Fcategories&post=898"},{"taxonomy":"post_tag","embeddable":true,"href":"https:\/\/cdn.rmgerencial.com.br\/index.php?rest_route=%2Fwp%2Fv2%2Ftags&post=898"}],"curies":[{"name":"wp","href":"https:\/\/api.w.org\/{rel}","templated":true}]}}