{"id":896,"date":"2026-07-25T00:04:13","date_gmt":"2026-07-25T03:04:13","guid":{"rendered":"https:\/\/cdn.rmgerencial.com.br\/?p=896"},"modified":"2026-07-25T00:04:14","modified_gmt":"2026-07-25T03:04:14","slug":"comunicacao-assertiva-cdn-barra","status":"publish","type":"post","link":"https:\/\/cdn.rmgerencial.com.br\/?p=896","title":{"rendered":"Comunica\u00e7\u00e3o Assertiva &#8211; CDN Barra"},"content":{"rendered":"\n<p class=\"wp-block-paragraph\">\ud83d\ude80 <strong>CDN Sudoeste: conex\u00f5es que fortalecem, conhecimento que transforma!<\/strong><\/p>\n\n\n\n<p class=\"wp-block-paragraph\">O encontro do <strong>CDN Sudoeste \u2013 Clube Digital de Neg\u00f3cios<\/strong> foi mais uma prova de que grandes oportunidades nascem quando pessoas se conectam com prop\u00f3sito.<\/p>\n\n\n\n<p class=\"wp-block-paragraph\">A noite foi enriquecida pela palestra de <strong>Priscilla Cardoso<\/strong>, que compartilhou valiosos ensinamentos sobre <strong>Comunica\u00e7\u00e3o Assertiva<\/strong>, mostrando como uma comunica\u00e7\u00e3o clara, estrat\u00e9gica e emp\u00e1tica \u00e9 capaz de fortalecer relacionamentos, impulsionar neg\u00f3cios e abrir portas para novas oportunidades.<\/p>\n\n\n\n<p class=\"wp-block-paragraph\">Mais do que uma palestra, vivemos momentos de aprendizado, troca de experi\u00eancias e networking qualificado. Empres\u00e1rios, empreendedores e profissionais de diferentes segmentos compartilharam ideias, criaram conex\u00f5es genu\u00ednas e iniciaram parcerias que certamente gerar\u00e3o excelentes resultados.<\/p>\n\n\n\n<p class=\"wp-block-paragraph\">Cada conversa, cada aperto de m\u00e3o e cada nova apresenta\u00e7\u00e3o refor\u00e7am a ess\u00eancia do CDN: construir uma rede onde o conhecimento, o cuidado e as conex\u00f5es caminham juntos para impulsionar o crescimento de todos.<\/p>\n\n\n\n<p class=\"wp-block-paragraph\">Nosso agradecimento especial \u00e0 <strong>Priscilla Cardoso<\/strong> pela contribui\u00e7\u00e3o inspiradora e a todos os participantes que fizeram deste encontro um momento t\u00e3o especial.<\/p>\n\n\n\n<p class=\"wp-block-paragraph\">Seguimos fortalecendo neg\u00f3cios, criando oportunidades e mostrando que, quando pessoas se unem em torno de um prop\u00f3sito, o sucesso deixa de ser individual e passa a ser coletivo.<\/p>\n\n\n\n<p class=\"wp-block-paragraph\">\ud83d\udc99 <strong>CDN \u2013 Clube Digital de Neg\u00f3cios. Conectando pessoas. Fortalecendo empresas. Transformando hist\u00f3rias.<\/strong>.<\/p>\n\n\n<div  robogallery_id=\"343\"  class=\"RoboGalleryV5 RoboGallery_ID343\"  style=\"width:100%;max-width:100%;\"><\/div><script> var robogallery_config_id_343 = {\r\n            \"restUrl\": \"https:\/\/cdn.rmgerencial.com.br\/index.php?rest_route=\/\",\r\n            \"wp_rest\": \"0c5c8145ab\",\r\n            \"errorImageUrl\": \"https:\/\/cdn.rmgerencial.com.br\/wp-content\/plugins\/robo-gallery\/images\/\",\r\n            \"debug\": false\r\n        };<\/script>\n\n\n\n<figure class=\"wp-block-image size-full\"><img  title=\"\" loading=\"lazy\" decoding=\"async\" width=\"800\" height=\"600\" src=\"https:\/\/cdn.rmgerencial.com.br\/wp-content\/uploads\/2026\/07\/Design-sem-nome-31.png\"  alt=\"Design-sem-nome-31 Comunica\u00e7\u00e3o Assertiva - CDN Barra\"  class=\"wp-image-889\" srcset=\"https:\/\/cdn.rmgerencial.com.br\/wp-content\/uploads\/2026\/07\/Design-sem-nome-31.png 800w, https:\/\/cdn.rmgerencial.com.br\/wp-content\/uploads\/2026\/07\/Design-sem-nome-31-300x225.png 300w, https:\/\/cdn.rmgerencial.com.br\/wp-content\/uploads\/2026\/07\/Design-sem-nome-31-768x576.png 768w, https:\/\/cdn.rmgerencial.com.br\/wp-content\/uploads\/2026\/07\/Design-sem-nome-31-100x75.png 100w\" sizes=\"auto, (max-width: 800px) 100vw, 800px\" \/><\/figure>\n","protected":false},"excerpt":{"rendered":"<p>\ud83d\ude80 CDN Sudoeste: conex\u00f5es que fortalecem, conhecimento que transforma! O encontro do CDN Sudoeste \u2013 Clube Digital de Neg\u00f3cios foi mais uma prova de que grandes oportunidades nascem quando pessoas se conectam com prop\u00f3sito. A noite foi enriquecida pela palestra de Priscilla Cardoso, que compartilhou valiosos ensinamentos sobre Comunica\u00e7\u00e3o Assertiva, mostrando como uma comunica\u00e7\u00e3o clara, [&hellip;]<\/p>\n","protected":false},"author":1,"featured_media":889,"comment_status":"closed","ping_status":"open","sticky":false,"template":"","format":"standard","meta":{"_uag_custom_page_level_css":"","footnotes":""},"categories":[65,40,42],"tags":[],"class_list":["post-896","post","type-post","status-publish","format-standard","has-post-thumbnail","hentry","category-agenda","category-cdm-sudoeste","category-eventos"],"uagb_featured_image_src":{"full":["https:\/\/cdn.rmgerencial.com.br\/wp-content\/uploads\/2026\/07\/Design-sem-nome-31.png",800,600,false],"thumbnail":["https:\/\/cdn.rmgerencial.com.br\/wp-content\/uploads\/2026\/07\/Design-sem-nome-31-150x150.png",150,150,true],"medium":["https:\/\/cdn.rmgerencial.com.br\/wp-content\/uploads\/2026\/07\/Design-sem-nome-31-300x225.png",300,225,true],"medium_large":["https:\/\/cdn.rmgerencial.com.br\/wp-content\/uploads\/2026\/07\/Design-sem-nome-31-768x576.png",640,480,true],"large":["https:\/\/cdn.rmgerencial.com.br\/wp-content\/uploads\/2026\/07\/Design-sem-nome-31.png",640,480,false],"RoboGalleryMansoryImagesCenter":["https:\/\/cdn.rmgerencial.com.br\/wp-content\/uploads\/2026\/07\/Design-sem-nome-31-600x600.png",600,600,true],"RoboGalleryPreload":["https:\/\/cdn.rmgerencial.com.br\/wp-content\/uploads\/2026\/07\/Design-sem-nome-31-100x75.png",100,75,true],"1536x1536":["https:\/\/cdn.rmgerencial.com.br\/wp-content\/uploads\/2026\/07\/Design-sem-nome-31.png",800,600,false],"2048x2048":["https:\/\/cdn.rmgerencial.com.br\/wp-content\/uploads\/2026\/07\/Design-sem-nome-31.png",800,600,false]},"uagb_author_info":{"display_name":"CDN Clube de Neg\u00f3cios","author_link":"https:\/\/cdn.rmgerencial.com.br\/?author=1"},"uagb_comment_info":0,"uagb_excerpt":"\ud83d\ude80 CDN Sudoeste: conex\u00f5es que fortalecem, conhecimento que transforma! O encontro do CDN Sudoeste \u2013 Clube Digital de Neg\u00f3cios foi mais uma prova de que grandes oportunidades nascem quando pessoas se conectam com prop\u00f3sito. A noite foi enriquecida pela palestra de Priscilla Cardoso, que compartilhou valiosos ensinamentos sobre Comunica\u00e7\u00e3o Assertiva, mostrando como uma comunica\u00e7\u00e3o clara,&hellip;","_links":{"self":[{"href":"https:\/\/cdn.rmgerencial.com.br\/index.php?rest_route=\/wp\/v2\/posts\/896","targetHints":{"allow":["GET"]}}],"collection":[{"href":"https:\/\/cdn.rmgerencial.com.br\/index.php?rest_route=\/wp\/v2\/posts"}],"about":[{"href":"https:\/\/cdn.rmgerencial.com.br\/index.php?rest_route=\/wp\/v2\/types\/post"}],"author":[{"embeddable":true,"href":"https:\/\/cdn.rmgerencial.com.br\/index.php?rest_route=\/wp\/v2\/users\/1"}],"replies":[{"embeddable":true,"href":"https:\/\/cdn.rmgerencial.com.br\/index.php?rest_route=%2Fwp%2Fv2%2Fcomments&post=896"}],"version-history":[{"count":1,"href":"https:\/\/cdn.rmgerencial.com.br\/index.php?rest_route=\/wp\/v2\/posts\/896\/revisions"}],"predecessor-version":[{"id":897,"href":"https:\/\/cdn.rmgerencial.com.br\/index.php?rest_route=\/wp\/v2\/posts\/896\/revisions\/897"}],"wp:featuredmedia":[{"embeddable":true,"href":"https:\/\/cdn.rmgerencial.com.br\/index.php?rest_route=\/wp\/v2\/media\/889"}],"wp:attachment":[{"href":"https:\/\/cdn.rmgerencial.com.br\/index.php?rest_route=%2Fwp%2Fv2%2Fmedia&parent=896"}],"wp:term":[{"taxonomy":"category","embeddable":true,"href":"https:\/\/cdn.rmgerencial.com.br\/index.php?rest_route=%2Fwp%2Fv2%2Fcategories&post=896"},{"taxonomy":"post_tag","embeddable":true,"href":"https:\/\/cdn.rmgerencial.com.br\/index.php?rest_route=%2Fwp%2Fv2%2Ftags&post=896"}],"curies":[{"name":"wp","href":"https:\/\/api.w.org\/{rel}","templated":true}]}}